{"id":1449,"date":"2016-02-23T00:44:07","date_gmt":"2016-02-23T00:44:07","guid":{"rendered":"https:\/\/priska.co\/inspirations-du-moment-priskaco\/"},"modified":"2016-02-23T00:44:07","modified_gmt":"2016-02-23T00:44:07","slug":"inspirations-du-moment-priskaco","status":"publish","type":"post","link":"https:\/\/priska.co\/en\/inspirations-du-moment-priskaco\/","title":{"rendered":"INSPIRATION DU MOMENT DE PRISKA &#038; CO"},"content":{"rendered":"<h4><em><span class=\"Apple-style-span\">Aujourd&#8217;hui j&#8217;ai voulu vous faire part de ce qui m&#8217;inspire que ce soit au niveau de la coiffure ou toute autre belle chose de la vie. Vous allez plonger dans mon univers pour le temps de cet article!<\/span><\/em><\/h4>\n<p style=\"text-align: justify;\"><strong>BALAYAGES LUMINEUX<\/strong><br \/>\nComme vous le savez, j&#8217;aime beaucoup les changements tout en gardant une simplicit\u00e9 naturelle en m\u00eame temps. Les balayages sont une belle mani\u00e8re de venir \u00e9clairer une chevelure et cr\u00e9e de la dimension tout en gardant la couleur de base du cheveu. Cette technique est d\u00e9finitivement mon coup de coeur de la coloration du moment! Voici un balayage cr\u00e9\u00e9 sur une de mes clientes derni\u00e8rement.<\/p>\n<p><span class=\"Apple-style-span\"><a href=\"http:\/\/priska.co\/wp-content\/uploads\/2016\/02\/balayage-sombr\u00e9-priskaco.jpg\" rel=\"attachment wp-att-1193\"><img loading=\"lazy\" decoding=\"async\" class=\"size-full wp-image-1193 aligncenter\" src=\"http:\/\/priska.co\/wp-content\/uploads\/2016\/02\/balayage-sombr\u00e9-priskaco.jpg\" alt=\"balayage sombr\u00e9 priska&amp;co\" width=\"621\" height=\"834\" srcset=\"https:\/\/priska.co\/wp-content\/uploads\/2016\/02\/balayage-sombr\u00e9-priskaco.jpg 621w, https:\/\/priska.co\/wp-content\/uploads\/2016\/02\/balayage-sombr\u00e9-priskaco-600x806.jpg 600w, https:\/\/priska.co\/wp-content\/uploads\/2016\/02\/balayage-sombr\u00e9-priskaco-223x300.jpg 223w\" sizes=\"auto, (max-width: 621px) 100vw, 621px\" \/><\/a><\/span><\/p>\n<p style=\"text-align: justify;\"><b>QUE DE BELLES FLEURS<br \/>\n<\/b> Depuis quelque temps je suis tr\u00e8s inspir\u00e9 par les fleurs. C&#8217;est un \u00e9l\u00e9ment qui m&#8217;inspire par leurs d\u00e9licatesses, leurs couleurs vives et leurs motifs spontan\u00e9s. J&#8217;en ai m\u00eame fait une murale chez PRISKA&amp;CO pour venir cr\u00e9e un effet de douceur et de chaleur. Que ce soit dans les cheveux pour venir cr\u00e9e un look bohochic avec des couronnes ou encore quelques fleurs pour venir finir une coiffure. Les fleurs m&#8217;inspirent un look un peu d\u00e9coiff\u00e9, mais dans une simplicit\u00e9.<\/p>\n<p><span class=\"Apple-style-span\"><a href=\"http:\/\/priska.co\/wp-content\/uploads\/2016\/02\/priskaco-inspirations-2016.jpg\" rel=\"attachment wp-att-1182\"><img loading=\"lazy\" decoding=\"async\" class=\"wp-image-1182 size-full aligncenter\" src=\"http:\/\/priska.co\/wp-content\/uploads\/2016\/02\/priskaco-inspirations-2016.jpg\" alt=\"priska&amp;co inspirations 2016\" width=\"632\" height=\"1000\" srcset=\"https:\/\/priska.co\/wp-content\/uploads\/2016\/02\/priskaco-inspirations-2016.jpg 632w, https:\/\/priska.co\/wp-content\/uploads\/2016\/02\/priskaco-inspirations-2016-600x949.jpg 600w, https:\/\/priska.co\/wp-content\/uploads\/2016\/02\/priskaco-inspirations-2016-190x300.jpg 190w\" sizes=\"auto, (max-width: 632px) 100vw, 632px\" \/><\/a><\/span><\/p>\n<p><span class=\"Apple-style-span\"><a href=\"http:\/\/priska.co\/wp-content\/uploads\/2016\/02\/priskaco-flower-crown.jpg\" rel=\"attachment wp-att-1186\"><img loading=\"lazy\" decoding=\"async\" class=\"size-full wp-image-1186 aligncenter\" src=\"http:\/\/priska.co\/wp-content\/uploads\/2016\/02\/priskaco-flower-crown.jpg\" alt=\"priska&amp;co flower crown\" width=\"600\" height=\"2088\" srcset=\"https:\/\/priska.co\/wp-content\/uploads\/2016\/02\/priskaco-flower-crown.jpg 600w, https:\/\/priska.co\/wp-content\/uploads\/2016\/02\/priskaco-flower-crown-86x300.jpg 86w, https:\/\/priska.co\/wp-content\/uploads\/2016\/02\/priskaco-flower-crown-294x1024.jpg 294w\" sizes=\"auto, (max-width: 600px) 100vw, 600px\" \/><\/a><\/span><\/p>\n<p style=\"text-align: justify;\"><strong>COUPE DE CHEVEUX <em>CHOPY<\/em><\/strong><br \/>\nMon coup de coeur du moment cot\u00e9 coupe de cheveux, d\u00e9finitivement celle-ci. J&#8217;adore encore une fois le c\u00f4t\u00e9 naturel de cette coupe on dirait m\u00eame qu&#8217;il y&#8217;a des m\u00e8ches grossi\u00e8rement coup\u00e9es pour venir faire un look &#8220;messy&#8221;. Coiff\u00e9 avec des vagues pour venir cr\u00e9e une belle texture et volume au cheveu! C&#8217;est d&#8217;ailleurs cette coupe qui m&#8217;a inspir\u00e9 \u00e0 couper mes cheveux pour commencer 2016 avec une nouvelle t\u00eate!<\/p>\n<p><span class=\"Apple-style-span\"><a href=\"http:\/\/priska.co\/wp-content\/uploads\/2016\/02\/priskaco-chopy-haircut.jpg\" rel=\"attachment wp-att-1190\"><img loading=\"lazy\" decoding=\"async\" class=\"size-full wp-image-1190 aligncenter\" src=\"http:\/\/priska.co\/wp-content\/uploads\/2016\/02\/priskaco-chopy-haircut.jpg\" alt=\"priska&amp;co chopy haircut\" width=\"600\" height=\"800\" srcset=\"https:\/\/priska.co\/wp-content\/uploads\/2016\/02\/priskaco-chopy-haircut.jpg 600w, https:\/\/priska.co\/wp-content\/uploads\/2016\/02\/priskaco-chopy-haircut-225x300.jpg 225w\" sizes=\"auto, (max-width: 600px) 100vw, 600px\" \/><\/a><\/span><\/p>\n<p style=\"text-align: justify;\"><b>DE MAJESTUEUX QUARTZ<br \/>\n<\/b> Pour moi cette pierre repr\u00e9sente tout simplement la s\u00e9r\u00e9nit\u00e9. Cette pierre m&#8217;inspire dans la transparence et brillance, ce que j&#8217;aime apport\u00e9 a mes colorations, de la luminosit\u00e9 sous tout les angles. Aussi, une nouvelle tendance est d&#8217;incorporer des couronnes de quartz pour des coiffures de mari\u00e9es. Je suis tout simplement dr\u00f4lement attir\u00e9 vers ses magnifiques pierres.<\/p>\n<p><a href=\"http:\/\/priska.co\/wp-content\/uploads\/2016\/02\/priskaco-crown.jpg\" rel=\"attachment wp-att-1188\"><img loading=\"lazy\" decoding=\"async\" class=\"size-full wp-image-1188 aligncenter\" src=\"http:\/\/priska.co\/wp-content\/uploads\/2016\/02\/priskaco-crown.jpg\" alt=\"priska&amp;co crown\" width=\"750\" height=\"867\" srcset=\"https:\/\/priska.co\/wp-content\/uploads\/2016\/02\/priskaco-crown.jpg 750w, https:\/\/priska.co\/wp-content\/uploads\/2016\/02\/priskaco-crown-600x694.jpg 600w, https:\/\/priska.co\/wp-content\/uploads\/2016\/02\/priskaco-crown-260x300.jpg 260w\" sizes=\"auto, (max-width: 750px) 100vw, 750px\" \/><\/a><\/p>\n<h4><span class=\"Apple-style-span\">Pour terminer, j&#8217;aimerais partager avec vous une citation que j&#8217;aime bien et qui m&#8217;inspire pour cette nouvelle ann\u00e9e qui vient de d\u00e9buter!<\/span><\/h4>\n<p><a href=\"http:\/\/priska.co\/wp-content\/uploads\/2016\/02\/quotes-priskaco.jpg\" rel=\"attachment wp-att-1184\"><img loading=\"lazy\" decoding=\"async\" class=\"size-full wp-image-1184 aligncenter\" src=\"http:\/\/priska.co\/wp-content\/uploads\/2016\/02\/quotes-priskaco.jpg\" alt=\"quotes priska&amp;co\" width=\"750\" height=\"1005\" srcset=\"https:\/\/priska.co\/wp-content\/uploads\/2016\/02\/quotes-priskaco.jpg 750w, https:\/\/priska.co\/wp-content\/uploads\/2016\/02\/quotes-priskaco-600x804.jpg 600w, https:\/\/priska.co\/wp-content\/uploads\/2016\/02\/quotes-priskaco-224x300.jpg 224w\" sizes=\"auto, (max-width: 750px) 100vw, 750px\" \/><\/a><\/p>\n<p>cr\u00e9dits photos:<a href=\"http:\/\/www.priska.co\" target=\"_blank\">PRISKA &amp; CO<\/a>,\u00a0<a href=\"http:\/\/www.pinterest.com\" target=\"_blank\">Pinterest<\/a>,<\/p>\n","protected":false},"excerpt":{"rendered":"<p>Aujourd&#8217;hui j&#8217;ai voulu vous faire part de ce qui m&#8217;inspire que ce soit au niveau de la coiffure ou toute autre belle chose de la vie. Vous allez plonger dans mon univers pour le temps de cet article! BALAYAGES LUMINEUX Comme vous le savez, j&#8217;aime beaucoup les changements tout en gardant une simplicit\u00e9 naturelle en m\u00eame temps. Les balayages sont une belle mani\u00e8re de venir \u00e9clairer une chevelure et cr\u00e9e de la dimension tout en gardant la couleur de base du cheveu. Cette technique est d\u00e9finitivement mon coup de coeur de la coloration du moment! Voici un balayage cr\u00e9\u00e9 sur une de mes clientes derni\u00e8rement. QUE DE BELLES FLEURS Depuis quelque temps je suis tr\u00e8s inspir\u00e9 par les fleurs. C&#8217;est un \u00e9l\u00e9ment qui m&#8217;inspire par leurs d\u00e9licatesses, leurs couleurs vives et leurs motifs spontan\u00e9s. J&#8217;en ai m\u00eame fait une murale chez PRISKA&amp;CO pour venir cr\u00e9e un effet de douceur et de chaleur. Que ce soit dans les cheveux pour venir cr\u00e9e un look bohochic avec des couronnes ou encore quelques fleurs pour venir finir une coiffure. Les fleurs m&#8217;inspirent un look un peu d\u00e9coiff\u00e9, mais dans une simplicit\u00e9. COUPE DE CHEVEUX CHOPY Mon coup de coeur du moment cot\u00e9 coupe [&hellip;]<\/p>\n","protected":false},"author":6,"featured_media":1183,"comment_status":"open","ping_status":"open","sticky":false,"template":"","format":"standard","meta":{"footnotes":""},"categories":[1,276],"tags":[330,288,203,215,217,280,331,332,232,333,205,334,207,335],"class_list":["post-1449","post","type-post","status-publish","format-standard","has-post-thumbnail","hentry","category-blog","category-coiffure-en","tag-balayage-en","tag-bloggeurs-en","tag-blogue-en","tag-cafe-montreal-en","tag-coffee-shop-montreal-en","tag-coiffure-en","tag-coloration-cheveux-en","tag-fleurs-en","tag-hair-en","tag-inspiration-en","tag-montreal-en","tag-priska-co-en","tag-priska-coiffure-en","tag-sombre-en"],"yoast_head":"<!-- This site is optimized with the Yoast SEO plugin v25.7 - https:\/\/yoast.com\/wordpress\/plugins\/seo\/ -->\n<title>INSPIRATION DU MOMENT DE PRISKA &amp; CO - Priska &amp; CO Coiffure | Hair Dresser | Montreal Quebec<\/title>\n<meta name=\"description\" content=\"inspirations du moment priska &amp; co\" \/>\n<meta name=\"robots\" content=\"index, follow, max-snippet:-1, max-image-preview:large, max-video-preview:-1\" \/>\n<link rel=\"canonical\" href=\"https:\/\/priska.co\/en\/inspirations-du-moment-priskaco\/\" \/>\n<meta property=\"og:locale\" content=\"en_US\" \/>\n<meta property=\"og:type\" content=\"article\" \/>\n<meta property=\"og:title\" content=\"INSPIRATION DU MOMENT DE PRISKA &amp; CO - Priska &amp; CO Coiffure | Hair Dresser | Montreal Quebec\" \/>\n<meta property=\"og:description\" content=\"inspirations du moment priska &amp; co\" \/>\n<meta property=\"og:url\" content=\"https:\/\/priska.co\/en\/inspirations-du-moment-priskaco\/\" \/>\n<meta property=\"og:site_name\" content=\"Priska &amp; CO Coiffure | Hair Dresser | Montreal Quebec\" \/>\n<meta property=\"article:published_time\" content=\"2016-02-23T00:44:07+00:00\" \/>\n<meta property=\"og:image\" content=\"https:\/\/priska.co\/wp-content\/uploads\/2016\/02\/priskaco-inspirations-2016.jpg\" \/>\n\t<meta property=\"og:image:width\" content=\"632\" \/>\n\t<meta property=\"og:image:height\" content=\"1000\" \/>\n\t<meta property=\"og:image:type\" content=\"image\/jpeg\" \/>\n<meta name=\"author\" content=\"Priska Laurent\" \/>\n<meta name=\"twitter:card\" content=\"summary_large_image\" \/>\n<meta name=\"twitter:label1\" content=\"Written by\" \/>\n\t<meta name=\"twitter:data1\" content=\"Priska Laurent\" \/>\n\t<meta name=\"twitter:label2\" content=\"Est. reading time\" \/>\n\t<meta name=\"twitter:data2\" content=\"2 minutes\" \/>\n<script type=\"application\/ld+json\" class=\"yoast-schema-graph\">{\"@context\":\"https:\/\/schema.org\",\"@graph\":[{\"@type\":\"WebPage\",\"@id\":\"https:\/\/priska.co\/en\/inspirations-du-moment-priskaco\/\",\"url\":\"https:\/\/priska.co\/en\/inspirations-du-moment-priskaco\/\",\"name\":\"INSPIRATION DU MOMENT DE PRISKA & CO - Priska & CO Coiffure | Hair Dresser | Montreal Quebec\",\"isPartOf\":{\"@id\":\"https:\/\/priska.co\/en\/#website\"},\"primaryImageOfPage\":{\"@id\":\"https:\/\/priska.co\/en\/inspirations-du-moment-priskaco\/#primaryimage\"},\"image\":{\"@id\":\"https:\/\/priska.co\/en\/inspirations-du-moment-priskaco\/#primaryimage\"},\"thumbnailUrl\":\"https:\/\/priska.co\/wp-content\/uploads\/2016\/02\/priskaco-inspirations-2016.jpg\",\"datePublished\":\"2016-02-23T00:44:07+00:00\",\"author\":{\"@id\":\"https:\/\/priska.co\/en\/#\/schema\/person\/ca39a243a4ed4c3832e058a1c3e0e3c3\"},\"description\":\"inspirations du moment priska & co\",\"breadcrumb\":{\"@id\":\"https:\/\/priska.co\/en\/inspirations-du-moment-priskaco\/#breadcrumb\"},\"inLanguage\":\"en-US\",\"potentialAction\":[{\"@type\":\"ReadAction\",\"target\":[\"https:\/\/priska.co\/en\/inspirations-du-moment-priskaco\/\"]}]},{\"@type\":\"ImageObject\",\"inLanguage\":\"en-US\",\"@id\":\"https:\/\/priska.co\/en\/inspirations-du-moment-priskaco\/#primaryimage\",\"url\":\"https:\/\/priska.co\/wp-content\/uploads\/2016\/02\/priskaco-inspirations-2016.jpg\",\"contentUrl\":\"https:\/\/priska.co\/wp-content\/uploads\/2016\/02\/priskaco-inspirations-2016.jpg\",\"width\":632,\"height\":1000},{\"@type\":\"BreadcrumbList\",\"@id\":\"https:\/\/priska.co\/en\/inspirations-du-moment-priskaco\/#breadcrumb\",\"itemListElement\":[{\"@type\":\"ListItem\",\"position\":1,\"name\":\"Accueil\",\"item\":\"https:\/\/priska.co\/en\/\"},{\"@type\":\"ListItem\",\"position\":2,\"name\":\"INSPIRATION DU MOMENT DE PRISKA &#038; CO\"}]},{\"@type\":\"WebSite\",\"@id\":\"https:\/\/priska.co\/en\/#website\",\"url\":\"https:\/\/priska.co\/en\/\",\"name\":\"Priska & CO Coiffure | Hair Dresser | Montreal Quebec\",\"description\":\"\",\"potentialAction\":[{\"@type\":\"SearchAction\",\"target\":{\"@type\":\"EntryPoint\",\"urlTemplate\":\"https:\/\/priska.co\/en\/?s={search_term_string}\"},\"query-input\":{\"@type\":\"PropertyValueSpecification\",\"valueRequired\":true,\"valueName\":\"search_term_string\"}}],\"inLanguage\":\"en-US\"},{\"@type\":\"Person\",\"@id\":\"https:\/\/priska.co\/en\/#\/schema\/person\/ca39a243a4ed4c3832e058a1c3e0e3c3\",\"name\":\"Priska Laurent\",\"image\":{\"@type\":\"ImageObject\",\"inLanguage\":\"en-US\",\"@id\":\"https:\/\/priska.co\/en\/#\/schema\/person\/image\/\",\"url\":\"https:\/\/secure.gravatar.com\/avatar\/98f9d561e191c201595d877684e0c5e73cc44cbfe89a6cf001f30d8fbb87e5bf?s=96&d=mm&r=g\",\"contentUrl\":\"https:\/\/secure.gravatar.com\/avatar\/98f9d561e191c201595d877684e0c5e73cc44cbfe89a6cf001f30d8fbb87e5bf?s=96&d=mm&r=g\",\"caption\":\"Priska Laurent\"},\"url\":\"https:\/\/priska.co\/en\/author\/priska-laurent\/\"}]}<\/script>\n<!-- \/ Yoast SEO plugin. -->","yoast_head_json":{"title":"INSPIRATION DU MOMENT DE PRISKA & CO - Priska & CO Coiffure | Hair Dresser | Montreal Quebec","description":"inspirations du moment priska & co","robots":{"index":"index","follow":"follow","max-snippet":"max-snippet:-1","max-image-preview":"max-image-preview:large","max-video-preview":"max-video-preview:-1"},"canonical":"https:\/\/priska.co\/en\/inspirations-du-moment-priskaco\/","og_locale":"en_US","og_type":"article","og_title":"INSPIRATION DU MOMENT DE PRISKA & CO - Priska & CO Coiffure | Hair Dresser | Montreal Quebec","og_description":"inspirations du moment priska & co","og_url":"https:\/\/priska.co\/en\/inspirations-du-moment-priskaco\/","og_site_name":"Priska & CO Coiffure | Hair Dresser | Montreal Quebec","article_published_time":"2016-02-23T00:44:07+00:00","og_image":[{"width":632,"height":1000,"url":"https:\/\/priska.co\/wp-content\/uploads\/2016\/02\/priskaco-inspirations-2016.jpg","type":"image\/jpeg"}],"author":"Priska Laurent","twitter_card":"summary_large_image","twitter_misc":{"Written by":"Priska Laurent","Est. reading time":"2 minutes"},"schema":{"@context":"https:\/\/schema.org","@graph":[{"@type":"WebPage","@id":"https:\/\/priska.co\/en\/inspirations-du-moment-priskaco\/","url":"https:\/\/priska.co\/en\/inspirations-du-moment-priskaco\/","name":"INSPIRATION DU MOMENT DE PRISKA & CO - Priska & CO Coiffure | Hair Dresser | Montreal Quebec","isPartOf":{"@id":"https:\/\/priska.co\/en\/#website"},"primaryImageOfPage":{"@id":"https:\/\/priska.co\/en\/inspirations-du-moment-priskaco\/#primaryimage"},"image":{"@id":"https:\/\/priska.co\/en\/inspirations-du-moment-priskaco\/#primaryimage"},"thumbnailUrl":"https:\/\/priska.co\/wp-content\/uploads\/2016\/02\/priskaco-inspirations-2016.jpg","datePublished":"2016-02-23T00:44:07+00:00","author":{"@id":"https:\/\/priska.co\/en\/#\/schema\/person\/ca39a243a4ed4c3832e058a1c3e0e3c3"},"description":"inspirations du moment priska & co","breadcrumb":{"@id":"https:\/\/priska.co\/en\/inspirations-du-moment-priskaco\/#breadcrumb"},"inLanguage":"en-US","potentialAction":[{"@type":"ReadAction","target":["https:\/\/priska.co\/en\/inspirations-du-moment-priskaco\/"]}]},{"@type":"ImageObject","inLanguage":"en-US","@id":"https:\/\/priska.co\/en\/inspirations-du-moment-priskaco\/#primaryimage","url":"https:\/\/priska.co\/wp-content\/uploads\/2016\/02\/priskaco-inspirations-2016.jpg","contentUrl":"https:\/\/priska.co\/wp-content\/uploads\/2016\/02\/priskaco-inspirations-2016.jpg","width":632,"height":1000},{"@type":"BreadcrumbList","@id":"https:\/\/priska.co\/en\/inspirations-du-moment-priskaco\/#breadcrumb","itemListElement":[{"@type":"ListItem","position":1,"name":"Accueil","item":"https:\/\/priska.co\/en\/"},{"@type":"ListItem","position":2,"name":"INSPIRATION DU MOMENT DE PRISKA &#038; CO"}]},{"@type":"WebSite","@id":"https:\/\/priska.co\/en\/#website","url":"https:\/\/priska.co\/en\/","name":"Priska & CO Coiffure | Hair Dresser | Montreal Quebec","description":"","potentialAction":[{"@type":"SearchAction","target":{"@type":"EntryPoint","urlTemplate":"https:\/\/priska.co\/en\/?s={search_term_string}"},"query-input":{"@type":"PropertyValueSpecification","valueRequired":true,"valueName":"search_term_string"}}],"inLanguage":"en-US"},{"@type":"Person","@id":"https:\/\/priska.co\/en\/#\/schema\/person\/ca39a243a4ed4c3832e058a1c3e0e3c3","name":"Priska Laurent","image":{"@type":"ImageObject","inLanguage":"en-US","@id":"https:\/\/priska.co\/en\/#\/schema\/person\/image\/","url":"https:\/\/secure.gravatar.com\/avatar\/98f9d561e191c201595d877684e0c5e73cc44cbfe89a6cf001f30d8fbb87e5bf?s=96&d=mm&r=g","contentUrl":"https:\/\/secure.gravatar.com\/avatar\/98f9d561e191c201595d877684e0c5e73cc44cbfe89a6cf001f30d8fbb87e5bf?s=96&d=mm&r=g","caption":"Priska Laurent"},"url":"https:\/\/priska.co\/en\/author\/priska-laurent\/"}]}},"_links":{"self":[{"href":"https:\/\/priska.co\/en\/wp-json\/wp\/v2\/posts\/1449","targetHints":{"allow":["GET"]}}],"collection":[{"href":"https:\/\/priska.co\/en\/wp-json\/wp\/v2\/posts"}],"about":[{"href":"https:\/\/priska.co\/en\/wp-json\/wp\/v2\/types\/post"}],"author":[{"embeddable":true,"href":"https:\/\/priska.co\/en\/wp-json\/wp\/v2\/users\/6"}],"replies":[{"embeddable":true,"href":"https:\/\/priska.co\/en\/wp-json\/wp\/v2\/comments?post=1449"}],"version-history":[{"count":0,"href":"https:\/\/priska.co\/en\/wp-json\/wp\/v2\/posts\/1449\/revisions"}],"wp:featuredmedia":[{"embeddable":true,"href":"https:\/\/priska.co\/en\/wp-json\/wp\/v2\/media\/1183"}],"wp:attachment":[{"href":"https:\/\/priska.co\/en\/wp-json\/wp\/v2\/media?parent=1449"}],"wp:term":[{"taxonomy":"category","embeddable":true,"href":"https:\/\/priska.co\/en\/wp-json\/wp\/v2\/categories?post=1449"},{"taxonomy":"post_tag","embeddable":true,"href":"https:\/\/priska.co\/en\/wp-json\/wp\/v2\/tags?post=1449"}],"curies":[{"name":"wp","href":"https:\/\/api.w.org\/{rel}","templated":true}]}}