{"id":286,"date":"2013-03-11T16:51:08","date_gmt":"2013-03-11T16:51:08","guid":{"rendered":"http:\/\/priska.co\/?p=286"},"modified":"2013-03-11T16:51:08","modified_gmt":"2013-03-11T16:51:08","slug":"tendances-coiffures-printempsete-2013-2","status":"publish","type":"post","link":"https:\/\/priska.co\/en\/tendances-coiffures-printempsete-2013-2\/","title":{"rendered":"Tendances coiffures printemps\/\u00e9t\u00e9 2013"},"content":{"rendered":"<p>La fin de l\u2019hiver arrive sous peu&#8230; Le beau temps, l\u2019arriv\u00e9e des bourgeons, la fonte du tapis blanc et le chant des oiseaux arrivent \u00e0 grands pas. Lorsque l\u2019on parle du printemps et de l\u2019\u00e9t\u00e9 qui le succ\u00e8de, on pense d\u00e9j\u00e0 aux sorties sur les terrasses et de nos fameux 5 \u00e0 7. Qui dit Printemps&#8230; dit grand M\u00e9nage. Bien s\u00fbr ce grand m\u00e9nage ne devrait pas qu\u2019\u00eatre r\u00e9serv\u00e9 \u00e0 votre maison, mais aussi \u00e0 vous m\u00eame. Une mise \u00e0 jour de votre personne, de votre beaut\u00e9 et surtout de votre coiffure ne ferait pas de mal. J\u2019estime que je ne suis pas la seule \u00e0 avoir h\u00e2te de r\u00e9affirmer ma personne, en ce d\u00e9but de saison. Alors je profite pour vous glisser quelques mots sur les tendances coiffures 2013. <!--more-->Il s\u2019agit du moment id\u00e9al\u00a0 pour adopter ou simplement essayer ces nouvelles tendances coiffures, qui seront vous redonner VOTRE look id\u00e9al.<\/p>\n<p>C\u00f4t\u00e9 coupe, la coupe gar\u00e7onne est toujours aussi pr\u00e9sente, sans n\u00e9gliger la touche de f\u00e9minit\u00e9 parfaite qui vous est propre, pour garder le c\u00f4t\u00e9 doux, mystique et sophistiqu\u00e9 de la femme. La coupe au carr\u00e9e est \u00e9galement tr\u00e8s \u00e0 l\u2019affut, que se soit sur les cheveux courts autant que longs. Elle sera apport\u00e9e un contraste \u00e0 votre visage et lui redonner l\u2019\u00e9clat qu\u2019il m\u00e9rite.\u00a0 Les franges sont toujours de la partie pour cr\u00e9e un effet plus g\u00e9om\u00e9trique a votre coupe, sans oublier la m\u00e8che sur le c\u00f4t\u00e9 aussi.<\/p>\n<p><img loading=\"lazy\" decoding=\"async\" title=\"Cheveux: Tendances coiffures printemps\/\u00e9t\u00e9 2013 | Leslie Passerino\" alt=\"\" src=\"http:\/\/lesliepasserino.com\/wp-content\/uploads\/2013\/02\/7c95d54a06f286f7068632fe679263e7.jpg\" width=\"590\" height=\"795\" \/><\/p>\n<p>&nbsp;<\/p>\n<p><img loading=\"lazy\" decoding=\"async\" title=\"Cheveux: Tendances coiffures printemps\/\u00e9t\u00e9 2013 | Leslie Passerino\" alt=\"\" src=\"http:\/\/lesliepasserino.com\/wp-content\/uploads\/2013\/02\/91b7902521b6ccb68c57452ff1557599.jpg\" width=\"590\" height=\"884\" \/><\/p>\n<p>On dit que la mode est intemporelle, il en est de m\u00eame pour les coiffures r\u00e9tro. On constate qu\u2019elles\u00a0 sont de plus en plus pr\u00e9sents pour les saisons \u00e0 venir. Le volume, la fluidit\u00e9 ainsi que les ondulations qui se rapportent \u00e0 ce type de coiffures ont su faire leur preuve au fil du temps. D\u2019ailleurs leurs pr\u00e9sences nous rappellent qu\u2019un look r\u00e9tro peut toujours \u00eatre un look pr\u00e9sent.<\/p>\n<p><img loading=\"lazy\" decoding=\"async\" title=\"Cheveux: Tendances coiffures printemps\/\u00e9t\u00e9 2013 | Leslie Passerino\" alt=\"\" src=\"http:\/\/lesliepasserino.com\/wp-content\/uploads\/2013\/02\/7d0c7369ad935998cc16f6ee66ce2019.jpg\" width=\"590\" height=\"811\" \/><\/p>\n<p><img loading=\"lazy\" decoding=\"async\" title=\"Cheveux: Tendances coiffures printemps\/\u00e9t\u00e9 2013 | Leslie Passerino\" alt=\"\" src=\"http:\/\/lesliepasserino.com\/wp-content\/uploads\/2013\/02\/e05541fc75e361a351cc1bba5b15dfac.jpg\" width=\"590\" height=\"795\" \/><\/p>\n<p>La tendance des tresses se maintient. On appr\u00e9cie les tresses larges ou encore les cheveux l\u00e2ch\u00e9s, un peu d\u00e9coiff\u00e9, on aime le c\u00f4t\u00e9 boh\u00e8me\/hippie. Pourquoi ne pas ajouter des fleurs dans votre chevelure pour vraiment aller chercher le c\u00f4t\u00e9 \u00ab hippie \u00bb ou bien tout autre accessoire qui sera relever votre chevelure.<\/p>\n<p><img loading=\"lazy\" decoding=\"async\" title=\"Cheveux: Tendances coiffures printemps\/\u00e9t\u00e9 2013 | Leslie Passerino\" alt=\"\" src=\"http:\/\/lesliepasserino.com\/wp-content\/uploads\/2013\/02\/2451799a169fcc5d534d90c6e466f114.jpg\" width=\"590\" height=\"885\" \/><\/p>\n<p><img loading=\"lazy\" decoding=\"async\" title=\"Cheveux: Tendances coiffures printemps\/\u00e9t\u00e9 2013 | Leslie Passerino\" alt=\"\" src=\"http:\/\/lesliepasserino.com\/wp-content\/uploads\/2013\/02\/c0a8023bc0f99c741ee36f63550314ac.jpg\" width=\"590\" height=\"831\" \/><\/p>\n<p>Les queues de cheval, ainsi que les cheveux plaqu\u00e9s vers l\u2019arri\u00e8re sont aussi \u00e0 consid\u00e9rer. N\u2019ayez pas peur d\u2019oser avec la simplicit\u00e9! Certaines personnes croient, par erreur, que c\u2019est trop simple! \u00ab<em>La simplicit\u00e9 est l&#8217;habit de la perfection<\/em>\u00bb, comme l&#8217;a si bien dit\u00a0 <strong>Wladimir Wolf-Gozin<\/strong>, \u00e9crivain fran\u00e7ais.<\/p>\n<p><img loading=\"lazy\" decoding=\"async\" title=\"Cheveux: Tendances coiffures printemps\/\u00e9t\u00e9 2013 | Leslie Passerino\" alt=\"\" src=\"http:\/\/lesliepasserino.com\/wp-content\/uploads\/2013\/02\/1b1ee5f863ffee91eb549fcade9f9633.jpg\" width=\"590\" height=\"885\" \/><\/p>\n<p><img loading=\"lazy\" decoding=\"async\" title=\"Cheveux: Tendances coiffures printemps\/\u00e9t\u00e9 2013 | Leslie Passerino\" alt=\"\" src=\"http:\/\/lesliepasserino.com\/wp-content\/uploads\/2013\/02\/0099697fed634a104d976cc53c1717c9.jpg\" width=\"590\" height=\"885\" \/><\/p>\n<p>Pour\u00a0 la coloration, les couleurs fonc\u00e9es de cheveux tels que les bruns fonc\u00e9s, voir noirs, sont tr\u00e8s agenc\u00e9es. Ou bien, les roux moins \u00e9clatants plus acajou, roux fonc\u00e9e. Les blonds cendr\u00e9s, encore moins dor\u00e9s pour aller faire une couleur presque pastel. Cela d\u00e9pendra de vos go\u00fbts personnels.<\/p>\n<p><img loading=\"lazy\" decoding=\"async\" title=\"Cheveux: Tendances coiffures printemps\/\u00e9t\u00e9 2013 | Leslie Passerino\" alt=\"\" src=\"http:\/\/lesliepasserino.com\/wp-content\/uploads\/2013\/02\/8b227c235021c4ebdf3ad6278f127011.jpg\" width=\"590\" height=\"887\" \/><\/p>\n<p><img loading=\"lazy\" decoding=\"async\" title=\"Cheveux: Tendances coiffures printemps\/\u00e9t\u00e9 2013 | Leslie Passerino\" alt=\"\" src=\"http:\/\/lesliepasserino.com\/wp-content\/uploads\/2013\/02\/c02cc8034f89e27f76937294ab7340b6.jpg\" width=\"590\" height=\"768\" \/><\/p>\n<p>La coloration ombr\u00e9e qui est vue souvent depuis la saison derni\u00e8re, le sera encore pour le printemps\/\u00e9t\u00e9 \u00e0 venir. Je conseille cette coloration aux femmes qui veulent du changement sans avoir trop d\u2019entretien \u00e0 faire, cette tendance peut facilement s\u2019adapter \u00e0 tout le monde.<\/p>\n<p><img loading=\"lazy\" decoding=\"async\" title=\"Cheveux: Tendances coiffures printemps\/\u00e9t\u00e9 2013 | Leslie Passerino\" alt=\"\" src=\"http:\/\/lesliepasserino.com\/wp-content\/uploads\/2013\/02\/8d4229aa63f3f6c3bb65385053fc5167.jpg\" width=\"590\" height=\"838\" \/><\/p>\n<p><img loading=\"lazy\" decoding=\"async\" title=\"Cheveux: Tendances coiffures printemps\/\u00e9t\u00e9 2013 | Leslie Passerino\" alt=\"\" src=\"http:\/\/lesliepasserino.com\/wp-content\/uploads\/2013\/02\/358a6c367f50a814e2e9727ec37e4ede.jpg\" width=\"590\" height=\"723\" \/><\/p>\n<p>Voil\u00e0,\u00a0 pour les tendances coiffures retrouv\u00e9es sur les podiums de d\u00e9fil\u00e9s de mode\u00a0 pour les saisons printemps\/\u00e9t\u00e9 \u00e0 venir, mais n\u2019oubliez surtout pas, il ne s\u2019agit pas de reproduire ce que l\u2019on voit sur les d\u00e9filez de mode, mais bien d\u2019une base d\u2019inspiration. Vous \u00eates ma\u00eetresses de votre personne, le choix final vous revient et nous serons toujours l\u00e0 pour vous appuyer et vous conseiller. Alors, laisser transpara\u00eetre votre personnalit\u00e9 \u00e0 travers la coiffure qui vous ressemble tout en faisant\u00a0 un petit changement dans vos cheveux pour la saison estivale qui arrive?<\/p>\n<p>photos:<\/p>\n<p>&nbsp;<\/p>\n<p><a href=\"http:\/\/media-cache-ec3.pinterest.com\/originals\/7c\/95\/d5\/7c95d54a06f286f7068632fe679263e7.jpg\">http:\/\/media-cache-ec3.pinterest.com\/originals\/7c\/95\/d5\/7c95d54a06f286f7068632fe679263e7.jpg<\/a><\/p>\n<p><a href=\"http:\/\/manahair.blogspot.com.au\/search?updated-max=2012-01-12T09:16:00%252B11:00&amp;max-results=14\">http:\/\/manahair.blogspot.com.au\/search?updated-max=2012-01-12T09:16:00%252B11:00&amp;max-results=14<\/a><\/p>\n<p>http:\/\/weheartit.com\/entry\/25467062?group=B&#038;imgres=<\/p>\n<p>http:\/\/longhairstyleshowto.com\/wavy-haired\/<\/p>\n<div class=\"tumblr-post\" data-href=\"https:\/\/embed.tumblr.com\/embed\/post\/tkq1g7DkmbZYGzwk34N7RA\/43372791547\" data-did=\"da39a3ee5e6b4b0d3255bfef95601890afd80709\"  ><a href=\"http:\/\/chi-c.tumblr.com\/post\/43372791547\">http:\/\/chi-c.tumblr.com\/post\/43372791547<\/a><\/div>\n<p><script async src=\"https:\/\/secure.assets.tumblr.com\/post.js\"><\/script><\/p>\n<p><a href=\"http:\/\/leopardsandprints.tumblr.com\/post\/10758246604\">http:\/\/leopardsandprints.tumblr.com\/post\/10758246604<\/a><\/p>\n<p><a href=\"http:\/\/www.aghair.com\/2013\/01\/opposites-attract\/\">http:\/\/www.aghair.com\/2013\/01\/opposites-attract\/<\/a><\/p>\n<p><a href=\"http:\/\/pinterest.com\/pin\/538320961678869884\/\">http:\/\/pinterest.com\/pin\/538320961678869884\/<\/a><\/p>\n<p><a href=\"http:\/\/starrynights-x.tumblr.com\/\">http:\/\/starrynights-x.tumblr.com\/<\/a><\/p>\n<p>http:\/\/weheartit.com\/entry\/50859766\/via\/Deaton1031<\/p>\n<p><a href=\"http:\/\/m-i-r-i-a-m-r-o-m-a-n.tumblr.com\/\">http:\/\/m-i-r-i-a-m-r-o-m-a-n.tumblr.com\/<\/a><\/p>\n<p><a href=\"http:\/\/hairstylesolution.net\/?p=752\">http:\/\/hairstylesolution.net\/?p=752<\/a><\/p>\n","protected":false},"excerpt":{"rendered":"<p>La fin de l\u2019hiver arrive sous peu&#8230; Le beau temps, l\u2019arriv\u00e9e des bourgeons, la fonte du tapis blanc et le chant des oiseaux arrivent \u00e0 grands pas. Lorsque l\u2019on parle du printemps et de l\u2019\u00e9t\u00e9 qui le succ\u00e8de, on pense d\u00e9j\u00e0 aux sorties sur les terrasses et de nos fameux 5 \u00e0 7. Qui dit Printemps&#8230; dit grand M\u00e9nage. Bien s\u00fbr ce grand m\u00e9nage ne devrait pas qu\u2019\u00eatre r\u00e9serv\u00e9 \u00e0 votre maison, mais aussi \u00e0 vous m\u00eame. Une mise \u00e0 jour de votre personne, de votre beaut\u00e9 et surtout de votre coiffure ne ferait pas de mal. J\u2019estime que je ne suis pas la seule \u00e0 avoir h\u00e2te de r\u00e9affirmer ma personne, en ce d\u00e9but de saison. Alors je profite pour vous glisser quelques mots sur les tendances coiffures 2013.<\/p>\n","protected":false},"author":6,"featured_media":0,"comment_status":"closed","ping_status":"open","sticky":false,"template":"","format":"standard","meta":{"footnotes":""},"categories":[1],"tags":[],"class_list":["post-286","post","type-post","status-publish","format-standard","hentry","category-blog"],"yoast_head":"<!-- This site is optimized with the Yoast SEO plugin v25.7 - https:\/\/yoast.com\/wordpress\/plugins\/seo\/ -->\n<title>Tendances coiffures printemps\/\u00e9t\u00e9 2013 - Priska &amp; CO Coiffure | Hair Dresser | Montreal Quebec<\/title>\n<meta name=\"robots\" content=\"index, follow, max-snippet:-1, max-image-preview:large, max-video-preview:-1\" \/>\n<link rel=\"canonical\" href=\"https:\/\/priska.co\/en\/tendances-coiffures-printempsete-2013-2\/\" \/>\n<meta property=\"og:locale\" content=\"en_US\" \/>\n<meta property=\"og:type\" content=\"article\" \/>\n<meta property=\"og:title\" content=\"Tendances coiffures printemps\/\u00e9t\u00e9 2013 - Priska &amp; CO Coiffure | Hair Dresser | Montreal Quebec\" \/>\n<meta property=\"og:description\" content=\"La fin de l\u2019hiver arrive sous peu&#8230; Le beau temps, l\u2019arriv\u00e9e des bourgeons, la fonte du tapis blanc et le chant des oiseaux arrivent \u00e0 grands pas. Lorsque l\u2019on parle du printemps et de l\u2019\u00e9t\u00e9 qui le succ\u00e8de, on pense d\u00e9j\u00e0 aux sorties sur les terrasses et de nos fameux 5 \u00e0 7. Qui dit Printemps&#8230; dit grand M\u00e9nage. Bien s\u00fbr ce grand m\u00e9nage ne devrait pas qu\u2019\u00eatre r\u00e9serv\u00e9 \u00e0 votre maison, mais aussi \u00e0 vous m\u00eame. Une mise \u00e0 jour de votre personne, de votre beaut\u00e9 et surtout de votre coiffure ne ferait pas de mal. J\u2019estime que je ne suis pas la seule \u00e0 avoir h\u00e2te de r\u00e9affirmer ma personne, en ce d\u00e9but de saison. Alors je profite pour vous glisser quelques mots sur les tendances coiffures 2013.\" \/>\n<meta property=\"og:url\" content=\"https:\/\/priska.co\/en\/tendances-coiffures-printempsete-2013-2\/\" \/>\n<meta property=\"og:site_name\" content=\"Priska &amp; CO Coiffure | Hair Dresser | Montreal Quebec\" \/>\n<meta property=\"article:published_time\" content=\"2013-03-11T16:51:08+00:00\" \/>\n<meta property=\"og:image\" content=\"http:\/\/lesliepasserino.com\/wp-content\/uploads\/2013\/02\/7c95d54a06f286f7068632fe679263e7.jpg\" \/>\n<meta name=\"author\" content=\"Priska Laurent\" \/>\n<meta name=\"twitter:card\" content=\"summary_large_image\" \/>\n<meta name=\"twitter:label1\" content=\"Written by\" \/>\n\t<meta name=\"twitter:data1\" content=\"Priska Laurent\" \/>\n\t<meta name=\"twitter:label2\" content=\"Est. reading time\" \/>\n\t<meta name=\"twitter:data2\" content=\"4 minutes\" \/>\n<script type=\"application\/ld+json\" class=\"yoast-schema-graph\">{\"@context\":\"https:\/\/schema.org\",\"@graph\":[{\"@type\":\"WebPage\",\"@id\":\"https:\/\/priska.co\/en\/tendances-coiffures-printempsete-2013-2\/\",\"url\":\"https:\/\/priska.co\/en\/tendances-coiffures-printempsete-2013-2\/\",\"name\":\"Tendances coiffures printemps\/\u00e9t\u00e9 2013 - Priska & CO Coiffure | Hair Dresser | Montreal Quebec\",\"isPartOf\":{\"@id\":\"https:\/\/priska.co\/en\/#website\"},\"primaryImageOfPage\":{\"@id\":\"https:\/\/priska.co\/en\/tendances-coiffures-printempsete-2013-2\/#primaryimage\"},\"image\":{\"@id\":\"https:\/\/priska.co\/en\/tendances-coiffures-printempsete-2013-2\/#primaryimage\"},\"thumbnailUrl\":\"http:\/\/lesliepasserino.com\/wp-content\/uploads\/2013\/02\/7c95d54a06f286f7068632fe679263e7.jpg\",\"datePublished\":\"2013-03-11T16:51:08+00:00\",\"author\":{\"@id\":\"https:\/\/priska.co\/en\/#\/schema\/person\/ca39a243a4ed4c3832e058a1c3e0e3c3\"},\"breadcrumb\":{\"@id\":\"https:\/\/priska.co\/en\/tendances-coiffures-printempsete-2013-2\/#breadcrumb\"},\"inLanguage\":\"en-US\",\"potentialAction\":[{\"@type\":\"ReadAction\",\"target\":[\"https:\/\/priska.co\/en\/tendances-coiffures-printempsete-2013-2\/\"]}]},{\"@type\":\"ImageObject\",\"inLanguage\":\"en-US\",\"@id\":\"https:\/\/priska.co\/en\/tendances-coiffures-printempsete-2013-2\/#primaryimage\",\"url\":\"http:\/\/lesliepasserino.com\/wp-content\/uploads\/2013\/02\/7c95d54a06f286f7068632fe679263e7.jpg\",\"contentUrl\":\"http:\/\/lesliepasserino.com\/wp-content\/uploads\/2013\/02\/7c95d54a06f286f7068632fe679263e7.jpg\"},{\"@type\":\"BreadcrumbList\",\"@id\":\"https:\/\/priska.co\/en\/tendances-coiffures-printempsete-2013-2\/#breadcrumb\",\"itemListElement\":[{\"@type\":\"ListItem\",\"position\":1,\"name\":\"Accueil\",\"item\":\"https:\/\/priska.co\/en\/\"},{\"@type\":\"ListItem\",\"position\":2,\"name\":\"Tendances coiffures printemps\/\u00e9t\u00e9 2013\"}]},{\"@type\":\"WebSite\",\"@id\":\"https:\/\/priska.co\/en\/#website\",\"url\":\"https:\/\/priska.co\/en\/\",\"name\":\"Priska & CO Coiffure | Hair Dresser | Montreal Quebec\",\"description\":\"\",\"potentialAction\":[{\"@type\":\"SearchAction\",\"target\":{\"@type\":\"EntryPoint\",\"urlTemplate\":\"https:\/\/priska.co\/en\/?s={search_term_string}\"},\"query-input\":{\"@type\":\"PropertyValueSpecification\",\"valueRequired\":true,\"valueName\":\"search_term_string\"}}],\"inLanguage\":\"en-US\"},{\"@type\":\"Person\",\"@id\":\"https:\/\/priska.co\/en\/#\/schema\/person\/ca39a243a4ed4c3832e058a1c3e0e3c3\",\"name\":\"Priska Laurent\",\"image\":{\"@type\":\"ImageObject\",\"inLanguage\":\"en-US\",\"@id\":\"https:\/\/priska.co\/en\/#\/schema\/person\/image\/\",\"url\":\"https:\/\/secure.gravatar.com\/avatar\/98f9d561e191c201595d877684e0c5e73cc44cbfe89a6cf001f30d8fbb87e5bf?s=96&d=mm&r=g\",\"contentUrl\":\"https:\/\/secure.gravatar.com\/avatar\/98f9d561e191c201595d877684e0c5e73cc44cbfe89a6cf001f30d8fbb87e5bf?s=96&d=mm&r=g\",\"caption\":\"Priska Laurent\"},\"url\":\"https:\/\/priska.co\/en\/author\/priska-laurent\/\"}]}<\/script>\n<!-- \/ Yoast SEO plugin. -->","yoast_head_json":{"title":"Tendances coiffures printemps\/\u00e9t\u00e9 2013 - Priska & CO Coiffure | Hair Dresser | Montreal Quebec","robots":{"index":"index","follow":"follow","max-snippet":"max-snippet:-1","max-image-preview":"max-image-preview:large","max-video-preview":"max-video-preview:-1"},"canonical":"https:\/\/priska.co\/en\/tendances-coiffures-printempsete-2013-2\/","og_locale":"en_US","og_type":"article","og_title":"Tendances coiffures printemps\/\u00e9t\u00e9 2013 - Priska & CO Coiffure | Hair Dresser | Montreal Quebec","og_description":"La fin de l\u2019hiver arrive sous peu&#8230; Le beau temps, l\u2019arriv\u00e9e des bourgeons, la fonte du tapis blanc et le chant des oiseaux arrivent \u00e0 grands pas. Lorsque l\u2019on parle du printemps et de l\u2019\u00e9t\u00e9 qui le succ\u00e8de, on pense d\u00e9j\u00e0 aux sorties sur les terrasses et de nos fameux 5 \u00e0 7. Qui dit Printemps&#8230; dit grand M\u00e9nage. Bien s\u00fbr ce grand m\u00e9nage ne devrait pas qu\u2019\u00eatre r\u00e9serv\u00e9 \u00e0 votre maison, mais aussi \u00e0 vous m\u00eame. Une mise \u00e0 jour de votre personne, de votre beaut\u00e9 et surtout de votre coiffure ne ferait pas de mal. J\u2019estime que je ne suis pas la seule \u00e0 avoir h\u00e2te de r\u00e9affirmer ma personne, en ce d\u00e9but de saison. Alors je profite pour vous glisser quelques mots sur les tendances coiffures 2013.","og_url":"https:\/\/priska.co\/en\/tendances-coiffures-printempsete-2013-2\/","og_site_name":"Priska & CO Coiffure | Hair Dresser | Montreal Quebec","article_published_time":"2013-03-11T16:51:08+00:00","og_image":[{"url":"http:\/\/lesliepasserino.com\/wp-content\/uploads\/2013\/02\/7c95d54a06f286f7068632fe679263e7.jpg","type":"","width":"","height":""}],"author":"Priska Laurent","twitter_card":"summary_large_image","twitter_misc":{"Written by":"Priska Laurent","Est. reading time":"4 minutes"},"schema":{"@context":"https:\/\/schema.org","@graph":[{"@type":"WebPage","@id":"https:\/\/priska.co\/en\/tendances-coiffures-printempsete-2013-2\/","url":"https:\/\/priska.co\/en\/tendances-coiffures-printempsete-2013-2\/","name":"Tendances coiffures printemps\/\u00e9t\u00e9 2013 - Priska & CO Coiffure | Hair Dresser | Montreal Quebec","isPartOf":{"@id":"https:\/\/priska.co\/en\/#website"},"primaryImageOfPage":{"@id":"https:\/\/priska.co\/en\/tendances-coiffures-printempsete-2013-2\/#primaryimage"},"image":{"@id":"https:\/\/priska.co\/en\/tendances-coiffures-printempsete-2013-2\/#primaryimage"},"thumbnailUrl":"http:\/\/lesliepasserino.com\/wp-content\/uploads\/2013\/02\/7c95d54a06f286f7068632fe679263e7.jpg","datePublished":"2013-03-11T16:51:08+00:00","author":{"@id":"https:\/\/priska.co\/en\/#\/schema\/person\/ca39a243a4ed4c3832e058a1c3e0e3c3"},"breadcrumb":{"@id":"https:\/\/priska.co\/en\/tendances-coiffures-printempsete-2013-2\/#breadcrumb"},"inLanguage":"en-US","potentialAction":[{"@type":"ReadAction","target":["https:\/\/priska.co\/en\/tendances-coiffures-printempsete-2013-2\/"]}]},{"@type":"ImageObject","inLanguage":"en-US","@id":"https:\/\/priska.co\/en\/tendances-coiffures-printempsete-2013-2\/#primaryimage","url":"http:\/\/lesliepasserino.com\/wp-content\/uploads\/2013\/02\/7c95d54a06f286f7068632fe679263e7.jpg","contentUrl":"http:\/\/lesliepasserino.com\/wp-content\/uploads\/2013\/02\/7c95d54a06f286f7068632fe679263e7.jpg"},{"@type":"BreadcrumbList","@id":"https:\/\/priska.co\/en\/tendances-coiffures-printempsete-2013-2\/#breadcrumb","itemListElement":[{"@type":"ListItem","position":1,"name":"Accueil","item":"https:\/\/priska.co\/en\/"},{"@type":"ListItem","position":2,"name":"Tendances coiffures printemps\/\u00e9t\u00e9 2013"}]},{"@type":"WebSite","@id":"https:\/\/priska.co\/en\/#website","url":"https:\/\/priska.co\/en\/","name":"Priska & CO Coiffure | Hair Dresser | Montreal Quebec","description":"","potentialAction":[{"@type":"SearchAction","target":{"@type":"EntryPoint","urlTemplate":"https:\/\/priska.co\/en\/?s={search_term_string}"},"query-input":{"@type":"PropertyValueSpecification","valueRequired":true,"valueName":"search_term_string"}}],"inLanguage":"en-US"},{"@type":"Person","@id":"https:\/\/priska.co\/en\/#\/schema\/person\/ca39a243a4ed4c3832e058a1c3e0e3c3","name":"Priska Laurent","image":{"@type":"ImageObject","inLanguage":"en-US","@id":"https:\/\/priska.co\/en\/#\/schema\/person\/image\/","url":"https:\/\/secure.gravatar.com\/avatar\/98f9d561e191c201595d877684e0c5e73cc44cbfe89a6cf001f30d8fbb87e5bf?s=96&d=mm&r=g","contentUrl":"https:\/\/secure.gravatar.com\/avatar\/98f9d561e191c201595d877684e0c5e73cc44cbfe89a6cf001f30d8fbb87e5bf?s=96&d=mm&r=g","caption":"Priska Laurent"},"url":"https:\/\/priska.co\/en\/author\/priska-laurent\/"}]}},"_links":{"self":[{"href":"https:\/\/priska.co\/en\/wp-json\/wp\/v2\/posts\/286","targetHints":{"allow":["GET"]}}],"collection":[{"href":"https:\/\/priska.co\/en\/wp-json\/wp\/v2\/posts"}],"about":[{"href":"https:\/\/priska.co\/en\/wp-json\/wp\/v2\/types\/post"}],"author":[{"embeddable":true,"href":"https:\/\/priska.co\/en\/wp-json\/wp\/v2\/users\/6"}],"replies":[{"embeddable":true,"href":"https:\/\/priska.co\/en\/wp-json\/wp\/v2\/comments?post=286"}],"version-history":[{"count":0,"href":"https:\/\/priska.co\/en\/wp-json\/wp\/v2\/posts\/286\/revisions"}],"wp:attachment":[{"href":"https:\/\/priska.co\/en\/wp-json\/wp\/v2\/media?parent=286"}],"wp:term":[{"taxonomy":"category","embeddable":true,"href":"https:\/\/priska.co\/en\/wp-json\/wp\/v2\/categories?post=286"},{"taxonomy":"post_tag","embeddable":true,"href":"https:\/\/priska.co\/en\/wp-json\/wp\/v2\/tags?post=286"}],"curies":[{"name":"wp","href":"https:\/\/api.w.org\/{rel}","templated":true}]}}